{"id":13216,"date":"2018-03-23T12:16:26","date_gmt":"2018-03-23T12:16:26","guid":{"rendered":"https:\/\/sezam.es\/brassai-photography-exhibition-at-fundacion-mapfre-in-barcelona\/"},"modified":"2025-09-05T14:47:23","modified_gmt":"2025-09-05T14:47:23","slug":"brassai-photography-exhibition-at-fundacion-mapfre-in-barcelona","status":"publish","type":"post","link":"https:\/\/sezam.es\/en\/brassai-photography-exhibition-at-fundacion-mapfre-in-barcelona\/","title":{"rendered":"Brassa\u00ef Photography Exhibition at Fundaci\u00f3n Mapfre in Barcelona"},"content":{"rendered":"<p>Currently on display at the Fundaci\u00f3n Mapfre you can find the photography exhibition by the Hungarian-French artist Brassa\u00ef.<\/p>\n<p style=\"text-align: justify;\">We like Brassa\u00ef, in the same way we like fauvism and cubism, which were both contemporary movements from his era. I must say that I have seen a lot of exhibitions either from the 20th century or inspired by creations from that period, and yet I have seen very few that capture the amount of wisdom that allows the artist to present a new perspective towards that era (and this is after years of no longer being novel), in a way that allows their work carry its own weight alongside artwork produced in the present-day.<br \/>Of course we like Brassa\u00ef\u2019s straightforward photos, of his insolent faced models and his images of Par\u00eds\u2019s dives and alleyways from 100 years ago. We appreciate his clear intention to not paint over or embellish his photos, however poetic and ingeniously framed they may be, in the end appear to be scenes of everyday life.<br \/>It\u2019s not our intention to take away any of Brassa\u00ef\u2019s merit, who we admire as a photographer and as an individual, and whose biography sits on our bookshelves. Yet, we have the sensation that there are an abundance of exhibitions of artistic and creative work produced during the first half of the century, (and while we recognise that it was a time when art and architecture flourished and artists created works that became milestones in the history of art and humanity), it seems to us that after all of that, we still struggle to find something ground-breaking, something truly innovative and capable of creating a future school of art.<br \/>Brassa\u00ef was magnificent because he didn\u2019t allow appearances to fool him and he didn\u2019t look for the beautiful where it simply didn\u2019t exist: in the suburbs, the clandestine dens, in the people of questionable reputation whose photographs he took. He knew how to capture the beauty in the dark streets of Paris at a time when everyone was drawn to the glamour of its boulevards. He has few architectural photographs, but those that we have seen could function as sculptures without volume, as poems lacking rhyme, as images so abstract that today they seem banal to us, but in their time gave way to a peculiar way of seeing that Brassa\u00ef and many of his contemporaries were able to capture.<br \/>It\u2019s true that after seeing this exposition, we\u2019ve thought about everything we\u2019ve written and upon reflection, we\u2019ve come to see Brassa\u00ef\u2019s work as an artistic manifestation of an era that makes us think, talk, and write about, and surely will inspire us to create.<br \/>For that reason, despite the fact that we felt the sensation of having seen something that we\u2019ve seen many times before, we are thankful and happy to have been able to enjoy these artists, their schools, their quests, their processes and their masterpieces.<br \/>Therefore, we\u2019d like to take the opportunity to thank the galleries, halls, foundations and museums that provide us with these enjoyable moments when we can contemplate their expositions.<\/p>\n","protected":false},"excerpt":{"rendered":"<p>Currently on display at the Fundaci\u00f3n Mapfre you can find the photography exhibition by the Hungarian-French artist Brassa\u00ef. We like Brassa\u00ef, in the same way we like fauvism and cubism, which were both contemporary movements from his era. I must say that I have seen a lot of exhibitions either from the 20th century or [&hellip;]<\/p>\n","protected":false},"author":1,"featured_media":12797,"comment_status":"closed","ping_status":"closed","sticky":false,"template":"","format":"standard","meta":{"_et_pb_use_builder":"","_et_pb_old_content":"","_et_gb_content_width":"","inline_featured_image":false,"footnotes":""},"categories":[53],"tags":[],"class_list":["post-13216","post","type-post","status-publish","format-standard","has-post-thumbnail","hentry","category-blog"],"yoast_head":"<!-- This site is optimized with the Yoast SEO plugin v25.4 - https:\/\/yoast.com\/wordpress\/plugins\/seo\/ -->\n<title>Brassa\u00ef Photography Exhibition in Barcelona - Sezam Studio<\/title>\n<meta name=\"description\" content=\"You can now enjoy the photo exhibition of Hungarian artist Brassa\u00ef, known for his works on Paris, at Fundaci\u00f3n Mapfre in Barcelona.\" \/>\n<meta name=\"robots\" content=\"index, follow, max-snippet:-1, max-image-preview:large, max-video-preview:-1\" \/>\n<link rel=\"canonical\" href=\"https:\/\/sezam.es\/en\/brassai-photography-exhibition-at-fundacion-mapfre-in-barcelona\/\" \/>\n<meta property=\"og:locale\" content=\"en_US\" \/>\n<meta property=\"og:type\" content=\"article\" \/>\n<meta property=\"og:title\" content=\"Brassa\u00ef Photography Exhibition in Barcelona - Sezam Studio\" \/>\n<meta property=\"og:description\" content=\"You can now enjoy the photo exhibition of Hungarian artist Brassa\u00ef, known for his works on Paris, at Fundaci\u00f3n Mapfre in Barcelona.\" \/>\n<meta property=\"og:url\" content=\"https:\/\/sezam.es\/en\/brassai-photography-exhibition-at-fundacion-mapfre-in-barcelona\/\" \/>\n<meta property=\"og:site_name\" content=\"Sezam Studio\" \/>\n<meta property=\"article:published_time\" content=\"2018-03-23T12:16:26+00:00\" \/>\n<meta property=\"article:modified_time\" content=\"2025-09-05T14:47:23+00:00\" \/>\n<meta property=\"og:image\" content=\"https:\/\/sezam.es\/wp-content\/uploads\/2018\/07\/expo-brassai-fundacion-mapfre-barcelona.jpg\" \/>\n\t<meta property=\"og:image:width\" content=\"850\" \/>\n\t<meta property=\"og:image:height\" content=\"300\" \/>\n\t<meta property=\"og:image:type\" content=\"image\/jpeg\" \/>\n<meta name=\"author\" content=\"sezam\" \/>\n<meta name=\"twitter:card\" content=\"summary_large_image\" \/>\n<meta name=\"twitter:label1\" content=\"Written by\" \/>\n\t<meta name=\"twitter:data1\" content=\"sezam\" \/>\n\t<meta name=\"twitter:label2\" content=\"Est. reading time\" \/>\n\t<meta name=\"twitter:data2\" content=\"3 minutes\" \/>\n<script type=\"application\/ld+json\" class=\"yoast-schema-graph\">{\"@context\":\"https:\/\/schema.org\",\"@graph\":[{\"@type\":\"Article\",\"@id\":\"https:\/\/sezam.es\/en\/brassai-photography-exhibition-at-fundacion-mapfre-in-barcelona\/#article\",\"isPartOf\":{\"@id\":\"https:\/\/sezam.es\/en\/brassai-photography-exhibition-at-fundacion-mapfre-in-barcelona\/\"},\"author\":{\"name\":\"sezam\",\"@id\":\"https:\/\/sezam.es\/en\/#\/schema\/person\/c5736a157e31e0075c10a8a0eafa1ebe\"},\"headline\":\"Brassa\u00ef Photography Exhibition at Fundaci\u00f3n Mapfre in Barcelona\",\"datePublished\":\"2018-03-23T12:16:26+00:00\",\"dateModified\":\"2025-09-05T14:47:23+00:00\",\"mainEntityOfPage\":{\"@id\":\"https:\/\/sezam.es\/en\/brassai-photography-exhibition-at-fundacion-mapfre-in-barcelona\/\"},\"wordCount\":536,\"publisher\":{\"@id\":\"https:\/\/sezam.es\/en\/#organization\"},\"image\":{\"@id\":\"https:\/\/sezam.es\/en\/brassai-photography-exhibition-at-fundacion-mapfre-in-barcelona\/#primaryimage\"},\"thumbnailUrl\":\"https:\/\/sezam.es\/wp-content\/uploads\/2018\/07\/expo-brassai-fundacion-mapfre-barcelona.jpg\",\"articleSection\":[\"blog\"],\"inLanguage\":\"en-US\"},{\"@type\":\"WebPage\",\"@id\":\"https:\/\/sezam.es\/en\/brassai-photography-exhibition-at-fundacion-mapfre-in-barcelona\/\",\"url\":\"https:\/\/sezam.es\/en\/brassai-photography-exhibition-at-fundacion-mapfre-in-barcelona\/\",\"name\":\"Brassa\u00ef Photography Exhibition in Barcelona - Sezam Studio\",\"isPartOf\":{\"@id\":\"https:\/\/sezam.es\/en\/#website\"},\"primaryImageOfPage\":{\"@id\":\"https:\/\/sezam.es\/en\/brassai-photography-exhibition-at-fundacion-mapfre-in-barcelona\/#primaryimage\"},\"image\":{\"@id\":\"https:\/\/sezam.es\/en\/brassai-photography-exhibition-at-fundacion-mapfre-in-barcelona\/#primaryimage\"},\"thumbnailUrl\":\"https:\/\/sezam.es\/wp-content\/uploads\/2018\/07\/expo-brassai-fundacion-mapfre-barcelona.jpg\",\"datePublished\":\"2018-03-23T12:16:26+00:00\",\"dateModified\":\"2025-09-05T14:47:23+00:00\",\"description\":\"You can now enjoy the photo exhibition of Hungarian artist Brassa\u00ef, known for his works on Paris, at Fundaci\u00f3n Mapfre in Barcelona.\",\"breadcrumb\":{\"@id\":\"https:\/\/sezam.es\/en\/brassai-photography-exhibition-at-fundacion-mapfre-in-barcelona\/#breadcrumb\"},\"inLanguage\":\"en-US\",\"potentialAction\":[{\"@type\":\"ReadAction\",\"target\":[\"https:\/\/sezam.es\/en\/brassai-photography-exhibition-at-fundacion-mapfre-in-barcelona\/\"]}]},{\"@type\":\"ImageObject\",\"inLanguage\":\"en-US\",\"@id\":\"https:\/\/sezam.es\/en\/brassai-photography-exhibition-at-fundacion-mapfre-in-barcelona\/#primaryimage\",\"url\":\"https:\/\/sezam.es\/wp-content\/uploads\/2018\/07\/expo-brassai-fundacion-mapfre-barcelona.jpg\",\"contentUrl\":\"https:\/\/sezam.es\/wp-content\/uploads\/2018\/07\/expo-brassai-fundacion-mapfre-barcelona.jpg\",\"width\":850,\"height\":300},{\"@type\":\"BreadcrumbList\",\"@id\":\"https:\/\/sezam.es\/en\/brassai-photography-exhibition-at-fundacion-mapfre-in-barcelona\/#breadcrumb\",\"itemListElement\":[{\"@type\":\"ListItem\",\"position\":1,\"name\":\"Portada\",\"item\":\"https:\/\/sezam.es\/en\/\"},{\"@type\":\"ListItem\",\"position\":2,\"name\":\"Brassa\u00ef Photography Exhibition at Fundaci\u00f3n Mapfre in Barcelona\"}]},{\"@type\":\"WebSite\",\"@id\":\"https:\/\/sezam.es\/en\/#website\",\"url\":\"https:\/\/sezam.es\/en\/\",\"name\":\"Sezam Sudio - Marina Sezam\",\"description\":\"Dise\u00f1o de interiores en Barcelona\",\"publisher\":{\"@id\":\"https:\/\/sezam.es\/en\/#organization\"},\"potentialAction\":[{\"@type\":\"SearchAction\",\"target\":{\"@type\":\"EntryPoint\",\"urlTemplate\":\"https:\/\/sezam.es\/en\/?s={search_term_string}\"},\"query-input\":{\"@type\":\"PropertyValueSpecification\",\"valueRequired\":true,\"valueName\":\"search_term_string\"}}],\"inLanguage\":\"en-US\"},{\"@type\":\"Organization\",\"@id\":\"https:\/\/sezam.es\/en\/#organization\",\"name\":\"Sezam Studio\",\"url\":\"https:\/\/sezam.es\/en\/\",\"logo\":{\"@type\":\"ImageObject\",\"inLanguage\":\"en-US\",\"@id\":\"https:\/\/sezam.es\/en\/#\/schema\/logo\/image\/\",\"url\":\"https:\/\/sezam.es\/wp-content\/uploads\/2023\/06\/cropped-flavicon-1.png\",\"contentUrl\":\"https:\/\/sezam.es\/wp-content\/uploads\/2023\/06\/cropped-flavicon-1.png\",\"width\":512,\"height\":512,\"caption\":\"Sezam Studio\"},\"image\":{\"@id\":\"https:\/\/sezam.es\/en\/#\/schema\/logo\/image\/\"},\"sameAs\":[\"https:\/\/www.instagram.com\/sezamstudio_interiorismo\/\",\"https:\/\/www.youtube.com\/@sezam_studio\"]},{\"@type\":\"Person\",\"@id\":\"https:\/\/sezam.es\/en\/#\/schema\/person\/c5736a157e31e0075c10a8a0eafa1ebe\",\"name\":\"sezam\",\"image\":{\"@type\":\"ImageObject\",\"inLanguage\":\"en-US\",\"@id\":\"https:\/\/sezam.es\/en\/#\/schema\/person\/image\/\",\"url\":\"https:\/\/secure.gravatar.com\/avatar\/2e774d39fb26194d693ad49430244401c74fd4486123f8ae3b9a890f1c30129c?s=96&d=mm&r=g\",\"contentUrl\":\"https:\/\/secure.gravatar.com\/avatar\/2e774d39fb26194d693ad49430244401c74fd4486123f8ae3b9a890f1c30129c?s=96&d=mm&r=g\",\"caption\":\"sezam\"},\"url\":\"https:\/\/sezam.es\/en\/author\/sezam\/\"}]}<\/script>\n<!-- \/ Yoast SEO plugin. -->","yoast_head_json":{"title":"Brassa\u00ef Photography Exhibition in Barcelona - Sezam Studio","description":"You can now enjoy the photo exhibition of Hungarian artist Brassa\u00ef, known for his works on Paris, at Fundaci\u00f3n Mapfre in Barcelona.","robots":{"index":"index","follow":"follow","max-snippet":"max-snippet:-1","max-image-preview":"max-image-preview:large","max-video-preview":"max-video-preview:-1"},"canonical":"https:\/\/sezam.es\/en\/brassai-photography-exhibition-at-fundacion-mapfre-in-barcelona\/","og_locale":"en_US","og_type":"article","og_title":"Brassa\u00ef Photography Exhibition in Barcelona - Sezam Studio","og_description":"You can now enjoy the photo exhibition of Hungarian artist Brassa\u00ef, known for his works on Paris, at Fundaci\u00f3n Mapfre in Barcelona.","og_url":"https:\/\/sezam.es\/en\/brassai-photography-exhibition-at-fundacion-mapfre-in-barcelona\/","og_site_name":"Sezam Studio","article_published_time":"2018-03-23T12:16:26+00:00","article_modified_time":"2025-09-05T14:47:23+00:00","og_image":[{"width":850,"height":300,"url":"https:\/\/sezam.es\/wp-content\/uploads\/2018\/07\/expo-brassai-fundacion-mapfre-barcelona.jpg","type":"image\/jpeg"}],"author":"sezam","twitter_card":"summary_large_image","twitter_misc":{"Written by":"sezam","Est. reading time":"3 minutes"},"schema":{"@context":"https:\/\/schema.org","@graph":[{"@type":"Article","@id":"https:\/\/sezam.es\/en\/brassai-photography-exhibition-at-fundacion-mapfre-in-barcelona\/#article","isPartOf":{"@id":"https:\/\/sezam.es\/en\/brassai-photography-exhibition-at-fundacion-mapfre-in-barcelona\/"},"author":{"name":"sezam","@id":"https:\/\/sezam.es\/en\/#\/schema\/person\/c5736a157e31e0075c10a8a0eafa1ebe"},"headline":"Brassa\u00ef Photography Exhibition at Fundaci\u00f3n Mapfre in Barcelona","datePublished":"2018-03-23T12:16:26+00:00","dateModified":"2025-09-05T14:47:23+00:00","mainEntityOfPage":{"@id":"https:\/\/sezam.es\/en\/brassai-photography-exhibition-at-fundacion-mapfre-in-barcelona\/"},"wordCount":536,"publisher":{"@id":"https:\/\/sezam.es\/en\/#organization"},"image":{"@id":"https:\/\/sezam.es\/en\/brassai-photography-exhibition-at-fundacion-mapfre-in-barcelona\/#primaryimage"},"thumbnailUrl":"https:\/\/sezam.es\/wp-content\/uploads\/2018\/07\/expo-brassai-fundacion-mapfre-barcelona.jpg","articleSection":["blog"],"inLanguage":"en-US"},{"@type":"WebPage","@id":"https:\/\/sezam.es\/en\/brassai-photography-exhibition-at-fundacion-mapfre-in-barcelona\/","url":"https:\/\/sezam.es\/en\/brassai-photography-exhibition-at-fundacion-mapfre-in-barcelona\/","name":"Brassa\u00ef Photography Exhibition in Barcelona - Sezam Studio","isPartOf":{"@id":"https:\/\/sezam.es\/en\/#website"},"primaryImageOfPage":{"@id":"https:\/\/sezam.es\/en\/brassai-photography-exhibition-at-fundacion-mapfre-in-barcelona\/#primaryimage"},"image":{"@id":"https:\/\/sezam.es\/en\/brassai-photography-exhibition-at-fundacion-mapfre-in-barcelona\/#primaryimage"},"thumbnailUrl":"https:\/\/sezam.es\/wp-content\/uploads\/2018\/07\/expo-brassai-fundacion-mapfre-barcelona.jpg","datePublished":"2018-03-23T12:16:26+00:00","dateModified":"2025-09-05T14:47:23+00:00","description":"You can now enjoy the photo exhibition of Hungarian artist Brassa\u00ef, known for his works on Paris, at Fundaci\u00f3n Mapfre in Barcelona.","breadcrumb":{"@id":"https:\/\/sezam.es\/en\/brassai-photography-exhibition-at-fundacion-mapfre-in-barcelona\/#breadcrumb"},"inLanguage":"en-US","potentialAction":[{"@type":"ReadAction","target":["https:\/\/sezam.es\/en\/brassai-photography-exhibition-at-fundacion-mapfre-in-barcelona\/"]}]},{"@type":"ImageObject","inLanguage":"en-US","@id":"https:\/\/sezam.es\/en\/brassai-photography-exhibition-at-fundacion-mapfre-in-barcelona\/#primaryimage","url":"https:\/\/sezam.es\/wp-content\/uploads\/2018\/07\/expo-brassai-fundacion-mapfre-barcelona.jpg","contentUrl":"https:\/\/sezam.es\/wp-content\/uploads\/2018\/07\/expo-brassai-fundacion-mapfre-barcelona.jpg","width":850,"height":300},{"@type":"BreadcrumbList","@id":"https:\/\/sezam.es\/en\/brassai-photography-exhibition-at-fundacion-mapfre-in-barcelona\/#breadcrumb","itemListElement":[{"@type":"ListItem","position":1,"name":"Portada","item":"https:\/\/sezam.es\/en\/"},{"@type":"ListItem","position":2,"name":"Brassa\u00ef Photography Exhibition at Fundaci\u00f3n Mapfre in Barcelona"}]},{"@type":"WebSite","@id":"https:\/\/sezam.es\/en\/#website","url":"https:\/\/sezam.es\/en\/","name":"Sezam Sudio - Marina Sezam","description":"Dise\u00f1o de interiores en Barcelona","publisher":{"@id":"https:\/\/sezam.es\/en\/#organization"},"potentialAction":[{"@type":"SearchAction","target":{"@type":"EntryPoint","urlTemplate":"https:\/\/sezam.es\/en\/?s={search_term_string}"},"query-input":{"@type":"PropertyValueSpecification","valueRequired":true,"valueName":"search_term_string"}}],"inLanguage":"en-US"},{"@type":"Organization","@id":"https:\/\/sezam.es\/en\/#organization","name":"Sezam Studio","url":"https:\/\/sezam.es\/en\/","logo":{"@type":"ImageObject","inLanguage":"en-US","@id":"https:\/\/sezam.es\/en\/#\/schema\/logo\/image\/","url":"https:\/\/sezam.es\/wp-content\/uploads\/2023\/06\/cropped-flavicon-1.png","contentUrl":"https:\/\/sezam.es\/wp-content\/uploads\/2023\/06\/cropped-flavicon-1.png","width":512,"height":512,"caption":"Sezam Studio"},"image":{"@id":"https:\/\/sezam.es\/en\/#\/schema\/logo\/image\/"},"sameAs":["https:\/\/www.instagram.com\/sezamstudio_interiorismo\/","https:\/\/www.youtube.com\/@sezam_studio"]},{"@type":"Person","@id":"https:\/\/sezam.es\/en\/#\/schema\/person\/c5736a157e31e0075c10a8a0eafa1ebe","name":"sezam","image":{"@type":"ImageObject","inLanguage":"en-US","@id":"https:\/\/sezam.es\/en\/#\/schema\/person\/image\/","url":"https:\/\/secure.gravatar.com\/avatar\/2e774d39fb26194d693ad49430244401c74fd4486123f8ae3b9a890f1c30129c?s=96&d=mm&r=g","contentUrl":"https:\/\/secure.gravatar.com\/avatar\/2e774d39fb26194d693ad49430244401c74fd4486123f8ae3b9a890f1c30129c?s=96&d=mm&r=g","caption":"sezam"},"url":"https:\/\/sezam.es\/en\/author\/sezam\/"}]}},"_links":{"self":[{"href":"https:\/\/sezam.es\/en\/wp-json\/wp\/v2\/posts\/13216","targetHints":{"allow":["GET"]}}],"collection":[{"href":"https:\/\/sezam.es\/en\/wp-json\/wp\/v2\/posts"}],"about":[{"href":"https:\/\/sezam.es\/en\/wp-json\/wp\/v2\/types\/post"}],"author":[{"embeddable":true,"href":"https:\/\/sezam.es\/en\/wp-json\/wp\/v2\/users\/1"}],"replies":[{"embeddable":true,"href":"https:\/\/sezam.es\/en\/wp-json\/wp\/v2\/comments?post=13216"}],"version-history":[{"count":1,"href":"https:\/\/sezam.es\/en\/wp-json\/wp\/v2\/posts\/13216\/revisions"}],"predecessor-version":[{"id":20314,"href":"https:\/\/sezam.es\/en\/wp-json\/wp\/v2\/posts\/13216\/revisions\/20314"}],"wp:featuredmedia":[{"embeddable":true,"href":"https:\/\/sezam.es\/en\/wp-json\/wp\/v2\/media\/12797"}],"wp:attachment":[{"href":"https:\/\/sezam.es\/en\/wp-json\/wp\/v2\/media?parent=13216"}],"wp:term":[{"taxonomy":"category","embeddable":true,"href":"https:\/\/sezam.es\/en\/wp-json\/wp\/v2\/categories?post=13216"},{"taxonomy":"post_tag","embeddable":true,"href":"https:\/\/sezam.es\/en\/wp-json\/wp\/v2\/tags?post=13216"}],"curies":[{"name":"wp","href":"https:\/\/api.w.org\/{rel}","templated":true}]}}